{"id":11408670,"date":"2011-07-01T22:27:05","date_gmt":"2011-07-01T22:27:05","guid":{"rendered":"http:\/\/blog.setesdalswiki.no\/2011\/07\/helseprosjekt-og-festivalsommar-11408670\/"},"modified":"2011-07-01T22:27:05","modified_gmt":"2011-07-01T22:27:05","slug":"helseprosjekt-og-festivalsommar-11408670","status":"publish","type":"post","link":"https:\/\/setesdalswiki.no\/blog\/helseprosjekt-og-festivalsommar-11408670\/","title":{"rendered":"Helseprosjekt og festivalsommar"},"content":{"rendered":"<p>I dag skreiv eg om eit av prosjekta til Helseprosjekt Setesdal p\u00e5 Setesdalswiki. Eg har jo lese om det, men i dag fann eg, takka vere ei lenke p\u00e5 Facebook, prosjektomtalen som har gjort at prosjektet psykisk helse og rus f\u00e5r pengar fr\u00e5 Staten og andre instansar. Eg fann og dei som er i prosjektgruppa, men det er ikkje lett \u00e5 finne informasjon nok til ein liten biografisk artikkel om medlemene. Wenche Tangene, som er prosjektleiar i Helseprosjekt Setesdal, har vore med i Valle Radio fleire gonger, og du kan lese meir om Rus- og psykiatriprosjektet i Setesdal p\u00e5 http:\/\/www.setesdalswiki.no\/w\/index.php?title=Rus-_og_psykiatriprosjektet_i_Setesdal&#038;redirect=no<\/p>\n<p>Eg la ut lenke til prosjektet p\u00e5 Twitter, kanskje nokre av dei som fylgjer det eg skriv p\u00e5 Twitter, fekk nokre idear. Truleg f\u00e5r eg meir stoff om dette etter kvart.<\/p>\n<p>Ettersom det var fredag, var det nytt Setesd\u00f8len, og eg tenkte at alle no hadde f\u00e5tt ekstrabilaget, men etter det eg fekk h\u00f8yre fr\u00e5 Tina H\u00f8gevold, hadde folk i Valle ikkje f\u00e5tt det, men \u00d8yvind Jacob sa at det var kome p\u00e5 Rysstad. Eg veit ikkje om posten har vore i manko p\u00e5 ferievikarar, Ronny Stavsholt har jo begynt p\u00e5 Bykle Vindu, og eg s\u00e5g dei lyste etter folk, s\u00e5 kanskje det er grunnen. Eg la ut overskriftene til dagens Setesd\u00f8len her: http:\/\/www.setesdalswiki.no\/w\/index.php?title=Setesd%C3%B8len_nr._51,_2011&#038;redirect=no<\/p>\n<p>Og lenke til temaavisa, som eg fekk tysdag, finn du her:<br \/>\nhttp:\/\/www.setesdalswiki.no\/wiki\/Setesd%C3%B8lens_temaavis_juni_2011<\/p>\n<p>I morgon er det Blueslaurdag p\u00e5 Ose, her er Setesdalswiki sin artikkel om arrangementet, som startar klokka 15. http:\/\/www.setesdalswiki.no\/w\/index.php?title=2._juli_2011&#038;redirect=no P\u00e5 den lenka ser du andre arrangement som g\u00e5r av stabelen i morgon. Mykje raudt, eg klarar ikkje \u00e5 f\u00e5 med meg alt som skjer i Setesdal for tida. Difor hadde det vore triveleg om du som les dette og veit noko, og vart med i skrivinga. No har Setesdalswiki 1424 artiklar, alle kan skrive, og det er nok \u00e5 skrive om. <\/p>\n","protected":false},"excerpt":{"rendered":"<p>I dag skreiv eg om eit av prosjekta til Helseprosjekt Setesdal p\u00e5 Setesdalswiki. Eg har jo lese om det, men i dag fann eg, takka vere ei lenke p\u00e5 Facebook, prosjektomtalen som har gjort at prosjektet psykisk helse og rus f\u00e5r pengar fr\u00e5 Staten og andre instansar. Eg fann og dei som er i prosjektgruppa, &hellip; <a href=\"https:\/\/setesdalswiki.no\/blog\/helseprosjekt-og-festivalsommar-11408670\/\" class=\"more-link\">Les meir om <span class=\"screen-reader-text\">Helseprosjekt og festivalsommar<\/span> <span class=\"meta-nav\">&rarr;<\/span><\/a><\/p>\n","protected":false},"author":2,"featured_media":0,"comment_status":"open","ping_status":"open","sticky":false,"template":"","format":"standard","meta":{"_s2mail":"","footnotes":""},"categories":[6],"tags":[65],"class_list":["post-11408670","post","type-post","status-publish","format-standard","hentry","category-ymse","tag-setesdalswiki"],"_links":{"self":[{"href":"https:\/\/setesdalswiki.no\/blog\/wp-json\/wp\/v2\/posts\/11408670"}],"collection":[{"href":"https:\/\/setesdalswiki.no\/blog\/wp-json\/wp\/v2\/posts"}],"about":[{"href":"https:\/\/setesdalswiki.no\/blog\/wp-json\/wp\/v2\/types\/post"}],"author":[{"embeddable":true,"href":"https:\/\/setesdalswiki.no\/blog\/wp-json\/wp\/v2\/users\/2"}],"replies":[{"embeddable":true,"href":"https:\/\/setesdalswiki.no\/blog\/wp-json\/wp\/v2\/comments?post=11408670"}],"version-history":[{"count":0,"href":"https:\/\/setesdalswiki.no\/blog\/wp-json\/wp\/v2\/posts\/11408670\/revisions"}],"wp:attachment":[{"href":"https:\/\/setesdalswiki.no\/blog\/wp-json\/wp\/v2\/media?parent=11408670"}],"wp:term":[{"taxonomy":"category","embeddable":true,"href":"https:\/\/setesdalswiki.no\/blog\/wp-json\/wp\/v2\/categories?post=11408670"},{"taxonomy":"post_tag","embeddable":true,"href":"https:\/\/setesdalswiki.no\/blog\/wp-json\/wp\/v2\/tags?post=11408670"}],"curies":[{"name":"wp","href":"https:\/\/api.w.org\/{rel}","templated":true}]}}