{"id":11306267,"date":"2011-06-12T21:09:00","date_gmt":"2011-06-12T21:09:00","guid":{"rendered":"http:\/\/blog.setesdalswiki.no\/2011\/06\/slagord-11306267\/"},"modified":"2011-06-12T21:09:00","modified_gmt":"2011-06-12T21:09:00","slug":"slagord-11306267","status":"publish","type":"post","link":"https:\/\/setesdalswiki.no\/blog\/slagord-11306267\/","title":{"rendered":"Slagord"},"content":{"rendered":"<p>Visste du at om lag halvparten av kommunane her i landet har slagord. I Valle har slagordet vore \u00abGjestfri for nye tankar\u00bb ei stund no, og det var og mottoet for Setesdalstinget 2011. \u00c5nund K. Homme la ut ei lenke fr\u00e5 Nationen p\u00e5 Facebook, og den brukte eg til \u00e5 lage ei side p\u00e5 Setesdalswiki som eg kalla <strong>Setesdals slagord<\/strong>. G\u00e5 gjerne inn p\u00e5 den sida og les det som st\u00e5r der: http:\/\/www.setesdalswiki.no\/wiki\/Setesdals_slagord<\/p>\n<p>\u00d8vst i dalen, s\u00e5 har Bykle slagordet: \u00abBykle ser langt\u00bb  og Evje og Hornnes har slagordet \u00abHjertet i Agder\u00bb. Bygland hadde ikkje kome med i oversynet i Nationen, men dei har jo hatt \u00abBygland best \u00e5 bu i\u00bb som slagord no ei stund. Sj\u00f8lv om prosjektet vart lagt ned, trur eg dei brukar slagordet framleis.<\/p>\n<p>Eit slagord eller eit motto kan vere med \u00e5 fokusere arbeidet. Difor kan det vere lurt \u00e5 bruke eit slikt motto. Sirdal seier \u00abMeir enn ryper\u00bb, det har eg sans for.<\/p>\n<p>Kanskje burde og kulturorganisasjonar lage sine motto. Kyrkjelyden Elim Evje har laga eit motto som st\u00e5r fremst p\u00e5 heimesida deira <em>Et inkluderende \u00e5ndelig fellesskap for mennesker i alle aldre<\/em>. Eg skreiv om dei i dag, 1. pinsedag, det m\u00e5tte vel vere h\u00f8veleg \u00e5 skrive om ein pinsemenighet denne dagen, tenkte eg. Om Den norske kyrkja sine kyrkjelydar har motto, er eg i grunnen ikkje sikker p\u00e5. P\u00e5 heimesidene til Valle og Hylestad kyrkjelyd er det i alle fall lite slikt \u00e5 finne: http:\/\/www.kirken.no\/?event=showSokn&#038;pSoknId=s05050401<\/p>\n<p>Men kanskje kjem dei etter med eit slagord i kyrkja og. <\/p>\n","protected":false},"excerpt":{"rendered":"<p>Visste du at om lag halvparten av kommunane her i landet har slagord. I Valle har slagordet vore \u00abGjestfri for nye tankar\u00bb ei stund no, og det var og mottoet for Setesdalstinget 2011. \u00c5nund K. Homme la ut ei lenke fr\u00e5 Nationen p\u00e5 Facebook, og den brukte eg til \u00e5 lage ei side p\u00e5 Setesdalswiki &hellip; <a href=\"https:\/\/setesdalswiki.no\/blog\/slagord-11306267\/\" class=\"more-link\">Les meir om <span class=\"screen-reader-text\">Slagord<\/span> <span class=\"meta-nav\">&rarr;<\/span><\/a><\/p>\n","protected":false},"author":2,"featured_media":0,"comment_status":"open","ping_status":"open","sticky":false,"template":"","format":"standard","meta":{"_s2mail":"","footnotes":""},"categories":[6],"tags":[],"class_list":["post-11306267","post","type-post","status-publish","format-standard","hentry","category-ymse"],"_links":{"self":[{"href":"https:\/\/setesdalswiki.no\/blog\/wp-json\/wp\/v2\/posts\/11306267"}],"collection":[{"href":"https:\/\/setesdalswiki.no\/blog\/wp-json\/wp\/v2\/posts"}],"about":[{"href":"https:\/\/setesdalswiki.no\/blog\/wp-json\/wp\/v2\/types\/post"}],"author":[{"embeddable":true,"href":"https:\/\/setesdalswiki.no\/blog\/wp-json\/wp\/v2\/users\/2"}],"replies":[{"embeddable":true,"href":"https:\/\/setesdalswiki.no\/blog\/wp-json\/wp\/v2\/comments?post=11306267"}],"version-history":[{"count":0,"href":"https:\/\/setesdalswiki.no\/blog\/wp-json\/wp\/v2\/posts\/11306267\/revisions"}],"wp:attachment":[{"href":"https:\/\/setesdalswiki.no\/blog\/wp-json\/wp\/v2\/media?parent=11306267"}],"wp:term":[{"taxonomy":"category","embeddable":true,"href":"https:\/\/setesdalswiki.no\/blog\/wp-json\/wp\/v2\/categories?post=11306267"},{"taxonomy":"post_tag","embeddable":true,"href":"https:\/\/setesdalswiki.no\/blog\/wp-json\/wp\/v2\/tags?post=11306267"}],"curies":[{"name":"wp","href":"https:\/\/api.w.org\/{rel}","templated":true}]}}