{"id":10258826,"date":"2010-12-26T23:31:32","date_gmt":"2010-12-26T23:31:32","guid":{"rendered":"http:\/\/blog.setesdalswiki.no\/2010\/12\/sprekaste-70-aringen-i-valle-10258826\/"},"modified":"2010-12-26T23:31:32","modified_gmt":"2010-12-26T23:31:32","slug":"sprekaste-70-aringen-i-valle-10258826","status":"publish","type":"post","link":"https:\/\/setesdalswiki.no\/blog\/sprekaste-70-aringen-i-valle-10258826\/","title":{"rendered":"Sprekaste 70-\u00e5ringen i Valle"},"content":{"rendered":"<p>Eg held p\u00e5 \u00e5 skrive inn overskrifter i Setesd\u00f8len for Setesdalswiki. I dag kom eg over ei avis eg hadde teke vare p\u00e5, ho var fr\u00e5 12. juni 2009, Overskriftene i denne avisa kan du lese her: http:\/\/www.eskeland.net\/setesdalswiki\/Setesd%C3%B8len_nr._45,_2009<\/p>\n<p>Ofte kan slike gamle Seted\u00f8len-eksemplar gje opplevingar der gamalt nytt blir like godt som nytt nytt. Ofte skuldast det at ein legg avisa til sides fordi ein ikkje hadde tid til \u00e5 lese ein artikkel p\u00e5 ei heil side, men dei sm\u00e5 notisane fr\u00e5 ein jo med seg. Den som fekk overskrifta Sprekaste 70-\u00e5ringen i Valle, var Gyro Storerein, Gyro K. Homme p\u00e5 Valle Radio-spr\u00e5k. For ho er ein kjendis i Valle Radio, sj\u00f8lv om ho ikkje har vore med i program s\u00e5 vidt eg veit.<\/p>\n<p>Gyro K. Homme sponsar Valle Radio med premiar til mest kvar einaste Opi sending. Vi har liggjande ei heil hylle, minst, av g\u00e5ver som ho har gjeve for \u00e5 vere premiar i Open sending, &#8220;Bare ein kvar gong&#8221;, seier ho. Men innimellom kjem ho med g\u00e5vekort, gjerne p\u00e5 10 kg sukker eller noko anna nyttig. Dermed f\u00e5r vi ikkje brukt opp det som ligg p\u00e5 hylla.<\/p>\n<p>D\u00e5 Valle Radio var ny, var det mange som sponsa radioen med premiar, men Gyro K. Homme er den som har halde ut lengst. Tid om anna f\u00e5r vi nokre g\u00e5ver fr\u00e5 ulike firma, gjerne slike som har reklame hos oss og som gjev oss noko ekstra slik at vi nemner namnet deira i sendingane v\u00e5re. Dei tenkjer p\u00e5 at n\u00e5r dei reklamerer hos oss, f\u00e5r dei kunder. Men Gyro Storerein skal ikkje selje noko og sponsar ikkje Valle Radio for \u00e5 f\u00e5 noko att. Ho lever nok meir etter mottoet: Den st\u00f8rste gleda ein kan ha, det er \u00e5 gjere andre glad.<\/p>\n<p>I fjor m\u00e5tte ho slutte p\u00e5 vaskeriet til Valle Bygdeheim, der ho arbeidde i mange \u00e5r. Ho vart 70 og kunne ikkje halde p\u00e5 lenger. S\u00e5 vart det avskilsfest for henne og mange takkens ord. SJ\u00f8lv ville ho helst halde p\u00e5 lenger, men systemet er blitt slik at ein m\u00e5 stoppe n\u00e5r ein fyller sytti. I intervjuet med Ole Birger Lien i Setesd\u00f8len seier ho at &#8220;det er vemodig og rart \u00e5 tenkje p\u00e5 at ein skal g\u00e5 av avdi regelverket reknar ein for gamal, for eg kjenner meg ikkje gamal i det heile.&#8221;<\/p>\n<p>F\u00f8dd i Homme, men d\u00e5 ho var ti \u00e5r gama, flytta familien til garden Storrein i Tveiteb\u00f8. Derav kjem kallenamnet. Ho var einebarn og arbeidde i lag med foreldra p\u00e5 garden. Sidan fekk ho seg jobb p\u00e5 bensinstasjonen i Valle, det var i den tida dei hadde turistar der. Ho hadde ansvar for \u00e5 gjere klar rom og \u00e5 gjere reint. Men etter kvart tok ho og til \u00e5 arbeide p\u00e5 Valle Bygdeheim, s\u00e5 d\u00e5 jobben p\u00e5 bensinstasjonen gjekk opp i r\u00f8yk i samband med at bensinstasjonen brann, hadde ho alt ny jobb. Den vart ho verande i, det er alt fleire \u00e5r sidan ho fekk gullklokka fr\u00e5 Valle kommune.<\/p>\n<p>No er ho alts\u00e5 pensjonist. I Valle Radio treng vi pensjonistar, og Gyro er ein trufast lyttar til sendingane v\u00e5re. N\u00e5r det h\u00f8ver slik, f\u00e5r vi som lagar programma, gode ord med p\u00e5 vegen. Slike lyttarar treng vi, og vi likar \u00e5 ha dei. Takk for innsatsen for Valle Radio, Gyro. <\/p>\n","protected":false},"excerpt":{"rendered":"<p>Eg held p\u00e5 \u00e5 skrive inn overskrifter i Setesd\u00f8len for Setesdalswiki. I dag kom eg over ei avis eg hadde teke vare p\u00e5, ho var fr\u00e5 12. juni 2009, Overskriftene i denne avisa kan du lese her: http:\/\/www.eskeland.net\/setesdalswiki\/Setesd%C3%B8len_nr._45,_2009 Ofte kan slike gamle Seted\u00f8len-eksemplar gje opplevingar der gamalt nytt blir like godt som nytt nytt. Ofte &hellip; <a href=\"https:\/\/setesdalswiki.no\/blog\/sprekaste-70-aringen-i-valle-10258826\/\" class=\"more-link\">Les meir om <span class=\"screen-reader-text\">Sprekaste 70-\u00e5ringen i Valle<\/span> <span class=\"meta-nav\">&rarr;<\/span><\/a><\/p>\n","protected":false},"author":2,"featured_media":0,"comment_status":"open","ping_status":"open","sticky":false,"template":"","format":"standard","meta":{"_s2mail":"","footnotes":""},"categories":[6],"tags":[],"class_list":["post-10258826","post","type-post","status-publish","format-standard","hentry","category-ymse"],"_links":{"self":[{"href":"https:\/\/setesdalswiki.no\/blog\/wp-json\/wp\/v2\/posts\/10258826"}],"collection":[{"href":"https:\/\/setesdalswiki.no\/blog\/wp-json\/wp\/v2\/posts"}],"about":[{"href":"https:\/\/setesdalswiki.no\/blog\/wp-json\/wp\/v2\/types\/post"}],"author":[{"embeddable":true,"href":"https:\/\/setesdalswiki.no\/blog\/wp-json\/wp\/v2\/users\/2"}],"replies":[{"embeddable":true,"href":"https:\/\/setesdalswiki.no\/blog\/wp-json\/wp\/v2\/comments?post=10258826"}],"version-history":[{"count":0,"href":"https:\/\/setesdalswiki.no\/blog\/wp-json\/wp\/v2\/posts\/10258826\/revisions"}],"wp:attachment":[{"href":"https:\/\/setesdalswiki.no\/blog\/wp-json\/wp\/v2\/media?parent=10258826"}],"wp:term":[{"taxonomy":"category","embeddable":true,"href":"https:\/\/setesdalswiki.no\/blog\/wp-json\/wp\/v2\/categories?post=10258826"},{"taxonomy":"post_tag","embeddable":true,"href":"https:\/\/setesdalswiki.no\/blog\/wp-json\/wp\/v2\/tags?post=10258826"}],"curies":[{"name":"wp","href":"https:\/\/api.w.org\/{rel}","templated":true}]}}